{"id":13580,"date":"2026-03-15T11:11:53","date_gmt":"2026-03-15T10:11:53","guid":{"rendered":"https:\/\/aplitecinformatica.com\/foro-gastronomico\/"},"modified":"2026-03-27T19:09:03","modified_gmt":"2026-03-27T18:09:03","slug":"foro-gastronomico","status":"publish","type":"post","link":"https:\/\/aplitecinformatica.com\/es\/foro-gastronomico\/","title":{"rendered":"Foro Gastron\u00f3mico"},"content":{"rendered":"\t\t<div data-elementor-type=\"wp-post\" data-elementor-id=\"13580\" class=\"elementor elementor-13580 elementor-13532\" data-elementor-post-type=\"post\">\n\t\t\t\t<div class=\"elementor-element elementor-element-28e5c35 e-flex e-con-boxed e-con e-parent\" data-id=\"28e5c35\" data-element_type=\"container\" data-e-type=\"container\" data-settings=\"{&quot;background_background&quot;:&quot;classic&quot;}\">\n\t\t\t\t\t<div class=\"e-con-inner\">\n\t\t<div class=\"elementor-element elementor-element-a654ae9 e-con-full e-flex elementor-invisible e-con e-child\" data-id=\"a654ae9\" data-element_type=\"container\" data-e-type=\"container\" data-settings=\"{&quot;animation&quot;:&quot;slideInUp&quot;,&quot;animation_delay&quot;:100}\">\n\t\t<div class=\"elementor-element elementor-element-61c8b6a e-con-full e-flex e-con e-child\" data-id=\"61c8b6a\" data-element_type=\"container\" data-e-type=\"container\">\n\t\t\t\t<div class=\"elementor-element elementor-element-4a287ee elementor-widget elementor-widget-heading\" data-id=\"4a287ee\" data-element_type=\"widget\" data-e-type=\"widget\" data-widget_type=\"heading.default\">\n\t\t\t\t\t<h1 class=\"elementor-heading-title elementor-size-default\">Foro Gastron\u00f3mico<\/h1>\t\t\t\t<\/div>\n\t\t\t\t<\/div>\n\t\t<div class=\"elementor-element elementor-element-57fcdec e-con-full e-flex e-con e-child\" data-id=\"57fcdec\" data-element_type=\"container\" data-e-type=\"container\">\n\t\t\t\t<div class=\"elementor-element elementor-element-f070cce anim-explode-container elementor-widget elementor-widget-button\" data-id=\"f070cce\" data-element_type=\"widget\" data-e-type=\"widget\" data-widget_type=\"button.default\">\n\t\t\t\t\t\t\t\t\t\t<a class=\"elementor-button elementor-button-link elementor-size-sm\" href=\"https:\/\/aplitecinformatica.com\/es\/contacto\/\">\n\t\t\t\t\t\t<span class=\"elementor-button-content-wrapper\">\n\t\t\t\t\t\t\t\t\t<span class=\"elementor-button-text\">Contacta con nosotros<\/span>\n\t\t\t\t\t<\/span>\n\t\t\t\t\t<\/a>\n\t\t\t\t\t\t\t\t<\/div>\n\t\t\t\t<\/div>\n\t\t\t\t<\/div>\n\t\t<div class=\"elementor-element elementor-element-ee1ffcd e-con-full hero-image-container e-flex e-con e-child\" data-id=\"ee1ffcd\" data-element_type=\"container\" data-e-type=\"container\" data-settings=\"{&quot;background_background&quot;:&quot;classic&quot;,&quot;animation&quot;:&quot;none&quot;}\">\n\t\t\t\t<\/div>\n\t\t\t\t\t<\/div>\n\t\t\t\t<\/div>\n\t\t<div class=\"elementor-element elementor-element-abca617 e-flex e-con-boxed e-con e-parent\" data-id=\"abca617\" data-element_type=\"container\" data-e-type=\"container\" data-settings=\"{&quot;background_background&quot;:&quot;classic&quot;}\">\n\t\t\t\t\t<div class=\"e-con-inner\">\n\t\t<div class=\"elementor-element elementor-element-d07fd26 e-con-full e-flex e-con e-child\" data-id=\"d07fd26\" data-element_type=\"container\" data-e-type=\"container\">\n\t\t\t\t<div class=\"elementor-element elementor-element-a5b56c9 elementor-widget elementor-widget-text-editor\" data-id=\"a5b56c9\" data-element_type=\"widget\" data-e-type=\"widget\" data-widget_type=\"text-editor.default\">\n\t\t\t\t\t\t\t\t\t<p>El evento referente en el sector de la Hosteler\u00eda en las comarcas gerundenses<\/p><p> <\/p><p>El evento referente en el sector de la Hosteler\u00eda en las comarcas gerundenses, ha vuelto despu\u00e9s de aplazarse dos a\u00f1os consecutivos a causa de la pandemia, es un escaparate donde peque\u00f1os y mayores del sector de la hosteler\u00eda se encuentran. En el F\u00f2rum hay m\u00e1s de un centenar de expositores y una agenda de ponentes de primer nivel, con multitud de actividades simult\u00e1neas que ofrecen a profesionales y aficionados infinidad de conocimientos en diversos formatos: catas, debates, charlas, conferencias, aperitivos&#8230; <\/p><p> <\/p><p>Desde Aplitec no hemos dejado pasar la oportunidad de estar presentes para aportar nuestro conocimiento e intercambiar opiniones con otros expositores y visitantes. En nuestro stand se han podido ver diferentes tipos de sistemas de punto de venta seg\u00fan las necesidades de cada establecimiento, como las ultimas novedades sobre delivery, pedidos web, sistemas de gesti\u00f3n de efectivo y los \u00faltimos avances de nuestro programa para controlar de forma m\u00e1s eficiente la gesti\u00f3n de un restaurante o cafeter\u00eda. <\/p><p> <\/p><p>Agradecidos de haber compartido momentos de intercambio, de haber aprendido muchas cosas y hecho nuevos contactos, nos hemos despedido de esta edici\u00f3n.<\/p>\t\t\t\t\t\t\t\t<\/div>\n\t\t\t\t<div class=\"elementor-element elementor-element-c1e1451 elementor-widget elementor-widget-image\" data-id=\"c1e1451\" data-element_type=\"widget\" data-e-type=\"widget\" data-widget_type=\"image.default\">\n\t\t\t\t\t\t\t\t\t\t\t\t\t\t\t<img fetchpriority=\"high\" decoding=\"async\" width=\"800\" height=\"534\" src=\"https:\/\/aplitecinformatica.com\/wp-content\/uploads\/2026\/03\/DSC09746-1536x1024-1-1024x683.jpg\" class=\"attachment-large size-large wp-image-13583\" alt=\"\" srcset=\"https:\/\/aplitecinformatica.com\/wp-content\/uploads\/2026\/03\/DSC09746-1536x1024-1-1024x683.jpg 1024w, https:\/\/aplitecinformatica.com\/wp-content\/uploads\/2026\/03\/DSC09746-1536x1024-1-300x200.jpg 300w, https:\/\/aplitecinformatica.com\/wp-content\/uploads\/2026\/03\/DSC09746-1536x1024-1-768x512.jpg 768w, https:\/\/aplitecinformatica.com\/wp-content\/uploads\/2026\/03\/DSC09746-1536x1024-1.jpg 1536w\" sizes=\"(max-width: 800px) 100vw, 800px\" title=\"\">\t\t\t\t\t\t\t\t\t\t\t\t\t\t\t<\/div>\n\t\t\t\t<\/div>\n\t\t\t\t\t<\/div>\n\t\t\t\t<\/div>\n\t\t\t\t<\/div>\n\t\t","protected":false},"excerpt":{"rendered":"<p>Foro Gastron\u00f3mico Contacta con nosotros El evento referente en el sector de la Hosteler\u00eda en las comarcas gerundenses El evento referente en el sector de la Hosteler\u00eda en las comarcas gerundenses, ha vuelto despu\u00e9s de aplazarse dos a\u00f1os consecutivos a causa de la pandemia, es un escaparate donde peque\u00f1os y mayores del sector de la [&hellip;]<\/p>\n","protected":false},"author":1,"featured_media":13581,"comment_status":"closed","ping_status":"open","sticky":false,"template":"","format":"standard","meta":{"footnotes":""},"categories":[56],"tags":[],"post_folder":[54],"class_list":["post-13580","post","type-post","status-publish","format-standard","has-post-thumbnail","hentry","category-blog"],"_links":{"self":[{"href":"https:\/\/aplitecinformatica.com\/es\/wp-json\/wp\/v2\/posts\/13580","targetHints":{"allow":["GET"]}}],"collection":[{"href":"https:\/\/aplitecinformatica.com\/es\/wp-json\/wp\/v2\/posts"}],"about":[{"href":"https:\/\/aplitecinformatica.com\/es\/wp-json\/wp\/v2\/types\/post"}],"author":[{"embeddable":true,"href":"https:\/\/aplitecinformatica.com\/es\/wp-json\/wp\/v2\/users\/1"}],"replies":[{"embeddable":true,"href":"https:\/\/aplitecinformatica.com\/es\/wp-json\/wp\/v2\/comments?post=13580"}],"version-history":[{"count":0,"href":"https:\/\/aplitecinformatica.com\/es\/wp-json\/wp\/v2\/posts\/13580\/revisions"}],"wp:featuredmedia":[{"embeddable":true,"href":"https:\/\/aplitecinformatica.com\/es\/wp-json\/wp\/v2\/media\/13581"}],"wp:attachment":[{"href":"https:\/\/aplitecinformatica.com\/es\/wp-json\/wp\/v2\/media?parent=13580"}],"wp:term":[{"taxonomy":"category","embeddable":true,"href":"https:\/\/aplitecinformatica.com\/es\/wp-json\/wp\/v2\/categories?post=13580"},{"taxonomy":"post_tag","embeddable":true,"href":"https:\/\/aplitecinformatica.com\/es\/wp-json\/wp\/v2\/tags?post=13580"},{"taxonomy":"post_folder","embeddable":true,"href":"https:\/\/aplitecinformatica.com\/es\/wp-json\/wp\/v2\/post_folder?post=13580"}],"curies":[{"name":"wp","href":"https:\/\/api.w.org\/{rel}","templated":true}]}}